{"provider_url": "https://www.abreulandia.to.leg.br", "title": "A C\u00e2mara", "html": "<p><b><i><img src=\"https://www.abreulandia.to.leg.br/b-i/imagens/f-cm-abreulandia-19-site.jpeg\" alt=\"C\u00e2mara de Abreul\u00e2ndia/TO\" class=\"image-inline\" title=\"C\u00e2mara de Abreul\u00e2ndia/TO\" /></i></b></p>\r\n<p><b><i>Endere\u00e7o:</i></b>\u00a0<span>Rua 07 de Setembro, s/n\u00ba, Centro, CEP: 77.693-000</span></p>\r\n<p><em><strong><i>Fone:</i>\u00a0</strong></em>(63)\u00a0<span>3389-1154</span><em><strong>\u00a0Cidade:</strong></em>\u00a0Abreul\u00e2ndia/Tocantins</p>\r\n<p><b><i>Atendimento:\u00a0</i></b>De segunda a sexta-feira, das\u00a007h \u00e0s 13h</p>\r\n<p><b><i>E-mail:\u00a0</i></b><span>camara.abreulandia@gmail.com</span></p>\r\n<p><b><i>Presidente: </i></b><i>Vereador<strong> Raimundo Nonato<a title=\"\" href=\"https://www.abreulandia.to.leg.br/processo-legislativo/parlamentares-1/vereadora-ednaura\" class=\"internal-link\" target=\"_blank\"><br /></a></strong></i></p>\r\n<p><b><i>Mandato da Presid\u00eancia:</i></b>\u00a0De 01/01/2023 a 31/12/2023</p>\r\n<p><b><i>Localiza\u00e7\u00e3o do Munic\u00edpio:</i></b></p>\r\n<p><iframe src=\"https://www.google.com/maps/embed?pb=!1m18!1m12!1m3!1d15734.783765131393!2d-49.161034582974516!3d-9.62142733978019!2m3!1f0!2f0!3f0!3m2!1i1024!2i768!4f13.1!3m3!1m2!1s0x9323a4c56e12a67b%3A0xbf61b1301fe05236!2sAbreul%C3%A2ndia%2C+TO%2C+77693-000!5e0!3m2!1spt-BR!2sbr!4v1538847937279\" width=\"492\" height=\"200\" allowfullscreen=\"\" frameborder=\"0\"></iframe></p>", "author_name": "abr", "version": "1.0", "author_url": "https://www.abreulandia.to.leg.br/author/abr", "provider_name": "C\u00e2mara de Abreul\u00e2ndia", "type": "rich"}