{"provider_url": "https://www.abreulandia.to.leg.br", "title": "05 de Agosto", "html": "<h3 style=\"text-align: left; \">O\u00a0<span>Dia Nacional da Sa\u00fade</span>\u00a0\u00e9 celebrado anualmente em 0<span>5 de agosto\u00a0</span>no Brasil.\u00a0<span>A data tem o objetivo de conscientizar a sociedade brasileira sobre a</span><span>\u00a0import\u00e2ncia da educa\u00e7\u00e3o sanit\u00e1ria</span><span>, despertando na popula\u00e7\u00e3o o valor da sa\u00fade e dos cuidados para com ela.</span></h3>", "author_name": "abr", "version": "1.0", "author_url": "https://www.abreulandia.to.leg.br/author/abr", "provider_name": "C\u00e2mara de Abreul\u00e2ndia", "type": "rich"}