{"provider_url": "https://www.abreulandia.to.leg.br", "title": "11 de Outubro", "html": "<h3 style=\"text-align: center; \"><em><span>Com o objetivo de conscientizar a sociedade sobre a qualidade de vida e os direitos das pessoas com defici\u00eancia f\u00edsica, no dia 11 de outubro \u00e9 celebrado no Brasil o Dia da Pessoa com Defici\u00eancia F\u00edsica.</span></em></h3>\r\n<h2 style=\"text-align: center; \"><em>Mais direitos e menos diferen\u00e7a!</em></h2>\r\n<h3 style=\"text-align: center; \"><em>Homenagem da C\u00e2mara de Abreul\u00e2ndia.</em></h3>", "author_name": "abr", "version": "1.0", "author_url": "https://www.abreulandia.to.leg.br/author/abr", "provider_name": "C\u00e2mara de Abreul\u00e2ndia", "type": "rich"}