{"provider_url": "https://www.abreulandia.to.leg.br", "title": "Comunicado!", "html": "<h2>Por necessidade de manuten\u00e7\u00e3o preventiva, o site da C\u00e2mara esteve indispon\u00edvel no final de semana, no <b>s\u00e1bado (09/01),</b> <b>domingo (10/01),</b> e na <b>segunda-feira dia 11/01/2021.</b></h2>\r\n<h2><b>O funcionamento foi restabelecido dia 11/01/2021, \u00e0s 19 horas.</b></h2>\r\n<h3><b>Jo\u00e3o Batista P. Neres - </b>Respons\u00e1vel T\u00e9cnico.</h3>", "author_name": "abr", "version": "1.0", "author_url": "https://www.abreulandia.to.leg.br/author/abr", "provider_name": "C\u00e2mara de Abreul\u00e2ndia", "type": "rich"}