{"provider_url": "https://www.abreulandia.to.leg.br", "title": "Convite!", "html": "<p><span>A </span><b>C\u00e2mara Municipal de Abreul\u00e2ndia/TO, </b><span>em nome do seu Presidente, Vereador </span><b>Francisco de Assis Santos Sousa,</b><span> juntamente com os demais Vereadores desta Casa de Leis, t\u00eam a honra de convidar a popula\u00e7\u00e3o para participar das Sess\u00f5es Legislativas, a realizar-se no per\u00edodo de </span><b><i>05 a 09 de agosto,</i></b><span> </span><b><i>\u00e0s 19 horas, no Plen\u00e1rio da C\u00e2mara.</i></b></p>\r\n<p>\u00c9 imprescind\u00edvel a participa\u00e7\u00e3o da sociedade como um todo, a fim de se inteirar sobre as a\u00e7\u00f5es e atividades legislativas dos agentes p\u00fablicos da nossa cidade, e acompanhar as Mat\u00e9rias que ser\u00e3o apreciadas em prol da popula\u00e7\u00e3o.</p>\r\n<p><i>Fonte: Assessoria da C\u00e2mara.</i></p>", "author_name": "abr", "version": "1.0", "author_url": "https://www.abreulandia.to.leg.br/author/abr", "provider_name": "C\u00e2mara de Abreul\u00e2ndia", "type": "rich"}