{"provider_url": "https://www.abreulandia.to.leg.br", "title": "Convite!", "html": "<p><span>A\u00a0</span><b>C\u00e2mara Municipal de Abreul\u00e2ndia/TO,\u00a0</b><span>em nome do seu Presidente, Vereador\u00a0</span><b>Francisco de Assis Santos Sousa,</b><span>\u00a0juntamente com os demais Vereadores desta Casa de Leis, t\u00eam a honra de convidar a popula\u00e7\u00e3o para participar da\u00a0</span><strong><i>Sess\u00e3o Itinerante da C\u00e2mara,</i></strong><em>\u00a0</em><strong><i>a realizar-se no dia</i></strong><span>\u00a0</span><b><i>13 de setembro de 2019,</i></b><span>\u00a0</span><b><i>\u00e0s 15h30min.,\u00a0<strong>na Escola Municipal Arco-\u00cdris no PA Vargem Dourada.</strong></i></b></p>\r\n<p>\u00c9 imprescind\u00edvel a participa\u00e7\u00e3o da sociedade como um todo, a fim de se inteirar sobre as a\u00e7\u00f5es e atividades legislativas dos agentes p\u00fablicos da nossa cidade, e acompanhar as Mat\u00e9rias que ser\u00e3o apreciadas em prol da popula\u00e7\u00e3o.</p>\r\n<p><i>Fonte: Assessoria da C\u00e2mara.</i></p>", "author_name": "abr", "version": "1.0", "author_url": "https://www.abreulandia.to.leg.br/author/abr", "provider_name": "C\u00e2mara de Abreul\u00e2ndia", "type": "rich"}