{"provider_url": "https://www.abreulandia.to.leg.br", "title": "Convoca\u00e7\u00e3o para Sess\u00e3o Extraordin\u00e1ria", "html": "<p style=\"text-align: justify; \">O Vereador Presidente da C\u00e2mara Municipal de Abreul\u00e2ndia, Raimundo Nonato \u201cNonatim\u201d, no uso das suas atribui\u00e7\u00f5es legais conferidas pela Lei Org\u00e2nica do munic\u00edpio de Regimento Interno dessa Casa de Leis, CONVOCA todos os vereadores da atual gest\u00e3o, a participar de uma SESS\u00c3O EXTRAORDIN\u00c1RIA no dia 15/02, \u00e1s 10h.</p>\r\n<p>\u00a0</p>\r\n<p align=\"center\">Raimundo Nonato In\u00e1cio de Sousa</p>\r\n<p align=\"center\">Presidente da C\u00e2mara</p>\r\n<p align=\"center\"><img src=\"https://www.abreulandia.to.leg.br/b-i/imagens/WhatsAppImage20230214at15.01.54.jpeg/@@images/cff0dee1-ef24-42e8-8f10-033cea6b56e1.jpeg\" alt=\"\" class=\"image-inline\" title=\"\" /></p>", "author_name": "", "version": "1.0", "author_url": "https://www.abreulandia.to.leg.br/author/adm", "provider_name": "C\u00e2mara de Abreul\u00e2ndia", "type": "rich"}