{"provider_url": "https://www.abreulandia.to.leg.br", "title": "Dia da Amaz\u00f4nia", "html": "<p style=\"text-align: justify; \">Nesta segunda-feira, 5, \u00e9 comemorado o <strong>Dia da Amaz\u00f4nia</strong>, uma data para lembrar a import\u00e2ncia de um dos patrim\u00f4nios naturais mais valiosos de toda a humanidade, al\u00e9m da maior reserva natural do planeta.</p>\r\n<p style=\"text-align: justify; \">Com sete milh\u00f5es de quil\u00f4metros quadrados, a Floresta Amaz\u00f4nica \u00e9 fundamental para o equil\u00edbrio ambiental e clim\u00e1tico do planeta.</p>\r\n<p style=\"text-align: justify; \">A Amaz\u00f4nia \u00e9 importante fonte de biodiversidade da fauna brasileira, com cerca de 400 mam\u00edferos e 1.300 aves em toda a regi\u00e3o. Al\u00e9m disso, possuem cerca de 40 mil esp\u00e9cies de plantas diferentes, e os rios amaz\u00f4nicos constituem a maior bacia hidrogr\u00e1fica do planeta.</p>\r\n<p style=\"text-align: justify; \">A Amaz\u00f4nia \u00e9 a nossa maior riqueza, preserv\u00e1-la \u00e9 o nosso maior dever. Desmatar a Amaz\u00f4nia \u00e9 o mesmo que tirar a vida.</p>\r\n<p style=\"text-align: justify; \">Amaz\u00f4nia: N\u00e3o destrua em poucos dias aquilo que a natureza levou d\u00e9cadas para construir. Mexeu com a Amaz\u00f4nia, mexeu com todos!</p>", "author_name": "", "version": "1.0", "author_url": "https://www.abreulandia.to.leg.br/author/adm", "provider_name": "C\u00e2mara de Abreul\u00e2ndia", "type": "rich"}