{"provider_url": "https://www.abreulandia.to.leg.br", "title": "Honraria!", "html": "<p><span>A </span><b>C\u00e2mara Municipal de Abreul\u00e2ndia,</b><span> Estado do Tocantins, torna p\u00fablico que realizou a primeira edi\u00e7\u00e3o da entrega de </span><em><b>\u201cT\u00edtulo Honor\u00edfico de Cidad\u00e3o Abreulandense\u201d,</b></em><span> como forma de reconhecer personalidades que contribuem para o desenvolvimento da cidade.</span></p>\r\n<p>O t\u00edtulo honor\u00edfico outorgado pelo Poder Legislativo \u00e9 a honraria m\u00e1xima de uma cidade e, com a proposta, a Casa de Leis busca continuar se aproximando da comunidade por meio de outorga de t\u00edtulos para cidad\u00e3os que n\u00e3o nasceram na cidade.</p>\r\n<p>Com a proposta, cada vereador ter\u00e1 direito a 01 cidad\u00e3o homenageado, perfazendo o total de 09 honrarias por ano, mostrando o compromisso da C\u00e2mara com a hist\u00f3ria e com as pessoas de Abreul\u00e2ndia.</p>\r\n<p><em>\u201cNossa meta \u00e9 seguir aproximando o parlamento do povo e, por meio desta honraria, justas homenagens ser\u00e3o conferidas \u00e0 cidad\u00e3os e cidad\u00e3s que tem contribu\u00eddo nas mais diversas \u00e1reas, com o desenvolvimento humano, social e econ\u00f4mico de Abreul\u00e2ndia\u201d, afirmou o Presidente da C\u00e2mara Municipal, Vereador Diassis.</em></p>\r\n<p>Cada vereador apresentou um projeto de lei do legislativo e as propostas est\u00e3o sendo deliberadas e votadas nas Sess\u00f5es Ordin\u00e1rias de maio, para seguir para san\u00e7\u00e3o do Poder Executivo. Desta forma, cada t\u00edtulo honor\u00edfico ter\u00e1 uma lei municipal outorgando a honraria aos homenageados.</p>\r\n<p>A solenidade de entrega dos t\u00edtulos, dever\u00e1 ocorrer no m\u00eas de junho, nas programa\u00e7\u00f5es dos Festejos de S\u00e3o Pedro.</p>\r\n<p align=\"center\"><strong><i>PESSOAS HOMENAGEADAS COM O T\u00cdTULO DE CIDAD\u00c3O ABREULANDENSE DE 2019:</i></strong><i></i></p>\r\n<p align=\"center\"><strong><i>Manoel Souza Marinho</i></strong><i>\u00a0\u2013 Autoria: Nonatim<br /> <strong>Milton Ferreira Lima</strong>\u00a0\u2013 Autoria: Maria Laurinda<br /> <strong>Maria de F\u00e1tima Pereira Ramalho</strong>\u00a0\u2013 Autoria: Francisco Diassis<br /> <strong>Jos\u00e9 Carlos Xavier Barcelar</strong>\u00a0\u2013 Autoria: Ednaura Alves<br /> <strong>Cledineusa Lorentz</strong>\u00a0\u2013 Autoria: Carlinho do Baronesa<br /> <strong>Jo\u00e3o Vale Sobrinho</strong>\u00a0\u2013 Autoria: Jair Gabino<br /> <strong>Celiv\u00e2nia de Ara\u00fajo Neves</strong>\u00a0\u2013 Autoria: Regiane Abreu<br /> <strong>Rosa Martins de Carvalho</strong>\u00a0\u2013 Autoria: Francisco Neto<br /> <strong>Jo\u00e3o Fragoso Ribeiro</strong>\u00a0\u2013 Autoria: Mateus Evangelista</i></p>\r\n<div class=\"visualClear\"><i>*<a class=\"external-link\" href=\"https://paineltocantins.com.br/noticias/114-cidadao-abreulandense-2019-homenageara-personalidades.html\" target=\"_self\" title=\"\">Not\u00edcia publica no site Painel Tocantins</a>.</i></div>\r\n<div class=\"visualClear\"><i>*Fonte/foto: Ascom - C\u00e2mara de Abreul\u00e2ndia.</i></div>", "author_name": "abr", "version": "1.0", "author_url": "https://www.abreulandia.to.leg.br/author/abr", "provider_name": "C\u00e2mara de Abreul\u00e2ndia", "type": "rich"}