{"provider_url": "https://www.abreulandia.to.leg.br", "title": "Janeiro Branco, a vida pede equil\u00edbrio", "html": "<p style=\"text-align: justify; \">O Janeiro Branco \u00e9 um movimento social dedicado \u00e0 constru\u00e7\u00e3o de uma cultura da Sa\u00fade Mental na humanidade.</p>\r\n<p style=\"text-align: justify; \">O seu objetivo \u00e9 chamar a aten\u00e7\u00e3o dos indiv\u00edduos, das institui\u00e7\u00f5es, das sociedades e das autoridades para as necessidades relacionadas \u00e0 Sa\u00fade Mental dos seres humanos.</p>\r\n<p style=\"text-align: justify; \">Janeiro, o primeiro m\u00eas do ano, inspira as pessoas a fazerem reflex\u00f5es acerca das suas vidas, das suas rela\u00e7\u00f5es, dos sentidos que possuem, dos passados que viveram e dos objetivos que desejam alcan\u00e7ar no ano que se inicia. Janeiro \u00e9 uma esp\u00e9cie de portal entre ciclos que se fecham e ciclos que se abrem nas vidas de todos n\u00f3s.</p>\r\n<p style=\"text-align: justify; \">A cor branca foi escolhida por, simbolicamente, representar <i>\u201cfolhas ou telas em branco\u201d</i> sobre as quais podemos projetar, escrever ou desenhar expectativas, desejos, hist\u00f3rias ou mudan\u00e7as com as quais sonhamos e as quais desejamos concretizar.</p>\r\n<p style=\"text-align: justify; \">A vida pede equil\u00edbrio diante de mudan\u00e7as cada vez mais desafiadoras e aceleradas que exigem novas atitudes, novas habilidades, novos entendimentos e novos comportamentos!</p>\r\n<p style=\"text-align: justify; \">Re\u00fana a sua turma, fale com colegas de trabalho, da escola, da igreja, chame a fam\u00edlia, chame a empresa e organize palestras, rodas de conversa, caminhadas, tira-d\u00favidas sobre qualidade emocional de vida e, tamb\u00e9m, muitas atividades on-line para espalhar a boa not\u00edcia de que <em>Sa\u00fade Mental tem jeito sim, mas todo mundo precisa aprender o que fazer!</em></p>", "author_name": "", "version": "1.0", "author_url": "https://www.abreulandia.to.leg.br/author/adm", "provider_name": "C\u00e2mara de Abreul\u00e2ndia", "type": "rich"}