{"provider_url": "https://www.abreulandia.to.leg.br", "title": "Nota de Pesar ", "html": "<h3><img src=\"https://www.abreulandia.to.leg.br/b-i/imagens/WhatsAppImage20220606at09.24.57.jpeg\" alt=\"Luto - Mikael Abreu\" class=\"image-inline\" title=\"Luto - Mikael Abreu\" /></h3>\r\n<h3></h3>\r\n<h3>O presidente da C\u00e2mara Municipal de Abreul\u00e2ndia, Vereador Dinamilton Machalegre, em nome de todos os vereadores e funcion\u00e1rios, manifesta o mais profundo pesar pela morte do jovem MIKAEL ABREU, filho da Vereadora Regiane Abreu.</h3>\r\n<p>\u00a0</p>\r\n<h3>Diante desta perda irrepar\u00e1vel e tr\u00e1gica, o Legislativo Abreulandense externa suas condol\u00eancias \u00e0 fam\u00edlia enlutada, e roga a Deus para que conforme \u00e0 todos.</h3>\r\n<h3>\u00a0</h3>\r\n<h3><strong>Vereador Dinamilton Machalegre</strong></h3>\r\n<h3><strong>Presidente da C\u00e2mara Municipal de Abreul\u00e2ndia - 2022</strong></h3>", "author_name": "", "version": "1.0", "author_url": "https://www.abreulandia.to.leg.br/author/adm", "provider_name": "C\u00e2mara de Abreul\u00e2ndia", "type": "rich"}