{"provider_url": "https://www.abreulandia.to.leg.br", "title": "Sess\u00e3o Extraordin\u00e1ria", "html": "<div class=\"visualClear\">A <b>C\u00e2mara Municipal de Abreul\u00e2ndia/TO, </b>atrav\u00e9s do seu Presidente, Vereador <b>Francisco de Assis Santos Sousa,</b> torna p\u00fablico que convocou o Poder Legislativo, na forma Regimental e prevista na Lei Org\u00e2nica do Munic\u00edpio, por meio de seus representantes, a se reunirem em <strong>Sess\u00e3o Extraordin\u00e1ria, quantas forem necess\u00e1rias, no dia 23 de maio de 2019, \u00e0s 19 horas, no Plen\u00e1rio da C\u00e2mara Municipal de Abreul\u00e2ndia.</strong></div>\r\n<div class=\"visualClear\"><strong><br /></strong></div>\r\n<div class=\"visualClear\" style=\"text-align: center; \"><strong>MAT\u00c9RIA A SER DELIBERADA:</strong></div>\r\n<div class=\"visualClear\" style=\"text-align: center; \"><strong></strong><em><strong>Projeto de Lei n\u00ba 004/2019 de autoria do Poder Executivo Municipal, que disp\u00f5e sobre a prorroga\u00e7\u00e3o do contrato emergencial da empresa para presta\u00e7\u00e3o de servi\u00e7os p\u00fablicos e d\u00e1 outras provid\u00eancias.</strong></em></div>\r\n<div class=\"visualClear\"><span><br /></span></div>\r\n<div class=\"visualClear\"><span>\u00c9 imprescind\u00edvel a participa\u00e7\u00e3o da sociedade como um todo, a fim de se inteirar sobre as a\u00e7\u00f5es e atividades legislativas dos agentes p\u00fablicos da nossa cidade, e acompanhar as Mat\u00e9rias que ser\u00e3o apreciadas em prol da popula\u00e7\u00e3o.</span></div>\r\n<div class=\"visualClear\"><i><br /></i></div>\r\n<div class=\"visualClear\"><i>Fonte: Assessoria da C\u00e2mara.</i></div>", "author_name": "abr", "version": "1.0", "author_url": "https://www.abreulandia.to.leg.br/author/abr", "provider_name": "C\u00e2mara de Abreul\u00e2ndia", "type": "rich"}