{"provider_url": "https://www.abreulandia.to.leg.br", "title": "Sess\u00e3o Itinerante", "html": "<p><span>A\u00a0</span><b>C\u00e2mara Municipal de Abreul\u00e2ndia/TO,\u00a0</b><span>realizou a <strong>2\u00aa edi\u00e7\u00e3o das Sess\u00f5es Itinerantes,</strong> desta vez foi realizada na\u00a0<span><strong>Escola Municipal Arco-\u00cdris no PA Vargem Dourada,</strong> <span>no dia\u00a013 de setembro de 2019.</span></span></span></p>\r\n<p><span><span><span></span></span></span><span>A Sess\u00e3o Itinerante da Casa de Leis, contou com a presen\u00e7a de todos os vereadores, do Prefeito Municipal Marivaldo Machalegre, secret\u00e1rios municipais, professores e servidores da Escola Arco-\u00cdris, bem como do funcionalismo p\u00fablico que tamb\u00e9m prestigiaram o evento organizado pelos vereadores.</span></p>\r\n<p><em>*Mais fotos da Sess\u00e3o <strong><a title=\"\" href=\"https://www.abreulandia.to.leg.br/institucional/galeria-de-fotos/sessao-do-pa-vargem-dourada-setembro-2019\" class=\"internal-link\" target=\"_self\">aqui</a></strong>.</em></p>\r\n<h2 style=\"text-align: center; \"><em><strong>REQUERIMENTOS APROVADOS:</strong></em></h2>\r\n<p style=\"text-align: center; \"><strong>REQUERIMENTO N\u00ba 0079/2019 - DIASSIS</strong><br />SOLICITA\u00c7\u00c3O PARA CONSTRU\u00c7\u00c3O DA CASA DE FARINHA NO P.A. BREJO DO CAMPO.</p>\r\n<p style=\"text-align: center; \"><strong>REQUERIMENTO N\u00ba 0078/2019 \u2013 EDNAURA ALVES COSTA</strong><br />SOLICITA\u00c7\u00c3O PARA DISPONIBILIZA\u00c7\u00c3O DE VE\u00cdCULO FECHADO PARA TRANSPORTAR OS MORADORES DO ASSENTAMENTO VARGEM DOURADA PARA REALIZA\u00c7\u00c3O DE COMPRAS MENSAIS NO PER\u00cdMETRO URBANO DE ABREUL\u00c2NDIA.</p>\r\n<p style=\"text-align: center; \"><strong>REQUERIMENTO N\u00ba 0077/2019 \u2013 JAIR GABINO</strong><br />SOLICITA\u00c7\u00c3O PARA REFORMA E CONSTRU\u00c7\u00c3O DE NOVAS CACIMBAS NOS ASSENTAMENTOS VARGEM DOURADA E BREJO DO CAMPO.</p>\r\n<p style=\"text-align: center; \"><strong>REQUERIMENTO N\u00ba 0076/2019 \u2013 PARENTE</strong><br />SOLICITA\u00c7\u00c3O PARA CONSTRU\u00c7\u00c3O DE CASA DE APOIO AOS PROFESSORES QUE MINISTRAM AULAS NA ESCOLA ARCO-IRIS NO ASSENTAMENTO VARGEM DOURADA.</p>\r\n<p style=\"text-align: center; \"><strong>REQUERIMENTO N\u00ba 0072/2019 \u2013 DIASSIS</strong><br />SOLICITA\u00c7\u00c3O PARA QUE O PODER EXECUTIVO FA\u00c7A GEST\u00c3O JUNTO A CONCESSION\u00c1RIA DE \u00c1GUA HIDROFORTE NO SENTIDO DA EMPRESA ATIVAR O PO\u00c7O ARTESIANO E DISPONIBILIZAR \u00c1GUA PARA AS FAM\u00cdLIAS NO P.A. VARGEM DOURADA</p>\r\n<p style=\"text-align: center; \"><strong>REQUERIMENTO N\u00ba 0070/2019 \u2013 EDNAURA ALVES COSTA</strong><br />SOLICITA\u00c7\u00c3O PARA CONSTRU\u00c7\u00c3O DE UM ESPA\u00c7O DE SA\u00daDE COM PROFISSIONAL T\u00c9CNICO EM ENFERMAGEM PARA ATENDIMENTO CONSTANTE NO ASSENTAMENTO VARGEM DOURADA.</p>\r\n<p style=\"text-align: center; \"><strong>REQUERIMENTO N\u00ba 0069/2019 \u2013 EDNAURA ALVES COSTA</strong><br />SOLICITA A AMPLIA\u00c7\u00c3O DA ESCOLA MUNICIPAL ARCO-IRIS COM CONSTRU\u00c7\u00c3O DE DUAS NOVAS SALAS E DO MURO NA UNIDADE DE ENSINO DO P.A. VARGEM DOURADA.</p>\r\n<p style=\"text-align: center; \"><strong>REQUERIMENTO N\u00ba 0068/2019 \u2013 EDNAURA ALVES COSTA</strong><br />SOLICITA\u00c7\u00c3O PARA REALIZA\u00c7\u00c3O DE RO\u00c7A COMUNIT\u00c1RIA NO ASSENTAMENTO VARGEM DOURADA \u00c0S FAM\u00cdLIAS DE BAIXA RENDA.</p>\r\n<p style=\"text-align: center; \"><strong>REQUERIMENTO N\u00ba 0067/2019 - NETO MACHALEGRE</strong><br />SOLICITA\u00c7\u00c3O DE RECUPERA\u00c7\u00c3O DA PONTE NO RIO GROT\u00c3O NA PROXIMIDADES DA FAZENDA TABOCA NO P.A. VARGEM DOURADA PARA ATENDER A DEMANDA DOS PRODUTORES DA REGI\u00c3O</p>\r\n<p style=\"text-align: center; \"><strong>REQUERIMENTO N\u00ba 0066/2019 \u2013 REGIANE ABREU</strong><br />SOLICITA A INSTALA\u00c7\u00c3O DE UMA TENDA NA \u00c1REA EXTERNA DA ESCOLA ARCO-IRIS NO P.A. VARGEM DOURADA.</p>\r\n<p style=\"text-align: center; \"><strong>REQUERIMENTO N\u00ba 0065/2019 \u2013 MARIA LAURINDA</strong><br />SOLICITA\u00c7\u00c3O PARA CONSTRU\u00c7\u00c3O DE SALA DOS PROFESSORES E DA COORDENA\u00c7\u00c3O NA ESCOLA ARCO-IRIS NO P.A. VARGEM DOURADA.</p>\r\n<p style=\"text-align: center; \"><strong>REQUERIMENTO N\u00ba 0064/2019 \u2013 NONATIM</strong><br />SOLICITA\u00c7\u00c3O PARA CONSTRU\u00c7\u00c3O DE FORRO E CLIMATIZA\u00c7\u00c3O DAS SALAS DE AULA DA ESCOLA MUNICIPAL ARCO-IRIS NO P.A. VARGEM DOURADA.</p>\r\n<p style=\"text-align: center; \"><strong>REQUERIMENTO N\u00ba 0063/2019 \u2013 MARIA LAURINDA</strong><br />SOLICITA\u00c7\u00c3O PARA CONSTRU\u00c7\u00c3O DE UM CENTRO COMUNIT\u00c1RIO NO ASSENTAMENTO VARGEM DOURADA PARA REALIZA\u00c7\u00c3O DE REUNI\u00d5ES, FORMATURAS, BATIZADOS, CASAMENTOS E EVENTOS EM GERAL.</p>\r\n<p><em>Fonte: Assessoria da C\u00e2mara e site:\u00a0<a class=\"external-link\" href=\"https://paineltocantins.com.br/noticias/137-camara-de-abreulandia-realiza-2-sessao-itinerante.html\" target=\"_self\" title=\"\">painel Tocantins</a>\u00a0-\u00a0https://paineltocantins.com.br</em></p>", "author_name": "abr", "version": "1.0", "author_url": "https://www.abreulandia.to.leg.br/author/abr", "provider_name": "C\u00e2mara de Abreul\u00e2ndia", "type": "rich"}