{"provider_url": "https://www.abreulandia.to.leg.br", "title": "Sess\u00f5es de Abril/2019", "html": "<p><span>Nas Sess\u00f5es Legislativas do m\u00eas de abril, v\u00e1rias demandas da comunidade foram debatidas e deliberadas na Casa, entre elas o \u201cProjeto de Melhoria da Educa\u00e7\u00e3o\u201d, de autoria do Poder Executivo que, por meio do Projeto Lei n\u00ba 002/2019 de 11 de mar\u00e7o de 2019, visa atender uma das metas do Plano Municipal de Educa\u00e7\u00e3o (PME), aprovado anteriormente\u00a0em Abreul\u00e2ndia, sendo mais um mecanismo para o fortalecimento das pol\u00edticas p\u00fablicas\u00a0educacionais do munic\u00edpio. O projeto foi aprovado por unanimidade nas Comiss\u00f5es e pelo Plen\u00e1rio, seguindo para san\u00e7\u00e3o do Prefeito Municipal de Abreul\u00e2ndia.</span></p>\r\n<p>Outros projetos de autoria dos vereadores<strong>\u00a0Diassis, Regiane e Nonatin,</strong> estiveram na pauta de discuss\u00f5es da C\u00e2mara Municipal, onde foram sugeridas melhorias na \u00e1rea educacional, no lazer, no social e tamb\u00e9m na visibilidade do munic\u00edpio.</p>\r\n<div class=\"visualClear\" style=\"text-align: center; \"><strong><i>PROPOSITURAS APRESENTADAS E APROVADAS EM ABRIL/2019</i></strong><i></i></div>\r\n<div class=\"visualClear\" style=\"text-align: center; \"><br /> <strong>REQUERIMENTO N\u00ba 027/2019 \u2013 Diassis\u00a0(PT)</strong></div>\r\n<div class=\"visualClear\" style=\"text-align: center; \">SOLICITA\u00c7\u00c3O PARA CONTRATA\u00c7\u00c3O DE VIGIL\u00c2NCIA ARMADA PARA ATUAREM NA PORTARIA DAS ESCOLAS MUNICIPAIS NO HOR\u00c1RIO DAS AULAS.</div>\r\n<div class=\"visualClear\" style=\"text-align: center; \">\u00a0</div>\r\n<div class=\"visualClear\" style=\"text-align: center; \"><strong>REQUERIMENTO N\u00ba 028/2019 \u2013 Regiane (PTB)</strong></div>\r\n<div class=\"visualClear\" style=\"text-align: center; \">SOLICITA\u00c7\u00c3O PARA REFORMA DO PARQUINHO NA PRA\u00c7A CENTRAL E REPAROS NA ESTRUTURA DA ACADEMIA DOS IDOSOS.</div>\r\n<div class=\"visualClear\" style=\"text-align: center; \">\u00a0</div>\r\n<div class=\"visualClear\" style=\"text-align: center; \"><strong>REQUERIMENTO N\u00ba 029/2019\u2013 Regiane (PTB)</strong></div>\r\n<div class=\"visualClear\" style=\"text-align: center; \">SOLICITA\u00c7\u00c3O PARA CONSTRU\u00c7\u00c3O DA COBERTURA DA QUADRA DO CENTRO EDUCACIONAL PEQUENO PR\u00cdNCIPE (CRECHE) E TROCA DO PISO.</div>\r\n<div class=\"visualClear\" style=\"text-align: center; \">\u00a0</div>\r\n<div class=\"visualClear\" style=\"text-align: center; \"><strong>REQUERIMENTO N\u00ba 030/2019 \u2013 Nonatin (PRTB)</strong></div>\r\n<div class=\"visualClear\" style=\"text-align: center; \">SOLICITA\u00c7\u00c3O PARA CONSTRU\u00c7\u00c3O DA CASA DE VEL\u00d3RIO DE ABREUL\u00c2NDIA.</div>\r\n<div class=\"visualClear\" style=\"text-align: center; \">\u00a0</div>\r\n<div class=\"visualClear\" style=\"text-align: center; \"><strong>REQUERIMENTO N\u00ba 031/2019 - Nonatin (PRTB)</strong></div>\r\n<div class=\"visualClear\" style=\"text-align: center; \">SOLICITA\u00c7\u00c3O PARA CRIA\u00c7\u00c3O DE LETREIRO IDENTIFICANDO O NOME DA CIDADE NA ENTRADA PRINCIPAL DO MUNIC\u00cdPIO DE ABREUL\u00c2NDIA.</div>\r\n<div class=\"visualClear\" style=\"text-align: left; \"><i>*<a class=\"external-link\" href=\"https://paineltocantins.com.br/noticias/113-projetos-dos-vereadores-diassis,-regiane-e-nonatim-movimentam-sessoes.html\" target=\"_self\" title=\"\">Not\u00edcia publica no site Painel Tocantins</a>.</i></div>\r\n<div class=\"visualClear\" style=\"text-align: left; \"><i>*Fonte/foto: Ascom - C\u00e2mara de Abreul\u00e2ndia.</i></div>", "author_name": "abr", "version": "1.0", "author_url": "https://www.abreulandia.to.leg.br/author/abr", "provider_name": "C\u00e2mara de Abreul\u00e2ndia", "type": "rich"}