{"provider_url": "https://www.abreulandia.to.leg.br", "title": "Sess\u00f5es de Fevereiro/2019", "html": "<p><span>A </span><b>C\u00e2mara Municipal de Abreul\u00e2ndia/TO</b><span>, realizou a abertura do ano legislativo de 2019 debatendo e votando importantes projetos de interesse da comunidade local.\u00a0</span><span>As Sess\u00f5es da Casa ocorreram de 11 a 15 de fevereiro, em hor\u00e1rio regimental \u00e0s 19h, e serviram de exemplo de como ser\u00e3o os trabalhos do Parlamento neste exerc\u00edcio.</span></p>\r\n<p><em><strong>\u201cFaremos um trabalho din\u00e2mico, votando os projetos relevantes para o nosso munic\u00edpio, conversando com as pessoas, oferecendo a Tribuna Livre e divulgando as a\u00e7\u00f5es do Legislativo para mostrar o amplo servi\u00e7o que ser\u00e1 realizado durante esse ano\u201d,</strong></em> afirmou o <em><strong>Presidente Vereador Diassis (PT)</strong></em> que comanda a Casa de Leis em 2019.</p>\r\n<p>Al\u00e9m de v\u00e1rios projetos aprovados, tanto do Executivo quanto do Legislativo, a C\u00e2mara Municipal deliberou e nomeou as Comiss\u00f5es Permanentes para este ano, ficando assim definida as suas composi\u00e7\u00f5es ap\u00f3s homologa\u00e7\u00e3o Plen\u00e1ria e publica\u00e7\u00e3o da Portaria n\u00ba 010/2019:</p>\r\n<p align=\"center\"><b>I - COMISS\u00c3O DE CONSTITUI\u00c7\u00c3O, JUSTI\u00c7A E REDA\u00c7\u00c3O:</b></p>\r\n<p align=\"center\">Presidente: Jair Gabino Lopes de Abreu</p>\r\n<p align=\"center\">Relatora: Ednaura Alves Costa</p>\r\n<p align=\"center\">Vogal: Carlinho Dias de Souza</p>\r\n<p align=\"center\">\u00a0</p>\r\n<p align=\"center\"><b>II - COMISSAO DE FINANCAS, TRIBUTA\u00c7\u00c3O, FISCALIZACAO E CONTROLE:</b></p>\r\n<p align=\"center\">Presidente: Maria Laurinda In\u00e1cio de Sousa</p>\r\n<p align=\"center\">Relator: Francisco NETO Dias</p>\r\n<p align=\"center\">Vogal: Regiane Abreu</p>\r\n<p align=\"center\">\u00a0</p>\r\n<p align=\"center\"><b>III - COMISS\u00c3O DE ADMINISTRACAO P\u00daBLICA, URBANISMO E INFRA-ESTRUTURA MUNICIPAL:</b></p>\r\n<p align=\"center\">Presidente: Francisco NETO Dias</p>\r\n<p align=\"center\">Relator: Maria Laurinda In\u00e1cio de Sousa</p>\r\n<p align=\"center\">Vogal: Regiane Abreu</p>\r\n<p align=\"center\">\u00a0</p>\r\n<p align=\"center\"><b>IV - COMISS\u00c3O DE POL\u00cdTICAS P\u00daBLICAS SOCIAIS, CIDADANIA, DIREITOS HUMANOS, MEIO AMBIENTE, \u00c9TICA E DECORO PARLAMENTAR:</b></p>\r\n<p align=\"center\">Presidente: Mateus Evangelista Ribeiro</p>\r\n<p align=\"center\">Relator: Ednaura Alves Costa</p>\r\n<p align=\"center\">Vogal: Raimundo Nonato In\u00e1cio de Sousa</p>\r\n<p align=\"center\">\u00a0</p>\r\n<p align=\"center\"><strong>PROJETOS APROVADOS \u2013 FEVEREIRO/2019:</strong></p>\r\n<p><strong>Projeto do Executivo n\u00ba 001/2019</strong>\u00a0- Disp\u00f5e sobre a contrata\u00e7\u00e3o por tempo determinado para atender a necessidade tempor\u00e1ria de excepcional interesse p\u00fablico, nos termos do inciso IX do art. 37 da Constitui\u00e7\u00e3o Federal e d\u00e1 outras provid\u00eancias.<strong>\u00a0</strong></p>\r\n<p><strong>REQUERIMENTO N\u00ba 0001/2019 \u2013 Jair Gabino</strong></p>\r\n<p>SOLICITA\u00c7\u00c3O PARA INSTALA\u00c7\u00c3O PARA DE UM CLIMATIZADOR NA ESCOLA MUNICIPAL J\u00daLIO PINHEIRO.</p>\r\n<p><strong>REQUERIMENTO N\u00ba 0002/2019 \u2013 Jair Gabino</strong></p>\r\n<p>SOLICITA\u00c7\u00c3O PARA A PODA DAS MAIORES \u00c1RVORES EM NOSSO MUNIC\u00cdPIO, CONSIDERANDO QUE AS MESMAS EST\u00c3O SE APROXIMANDO DA REDE DE ENERGIA EL\u00c9TRICA E, CONSIDERANDO A FALTA DE MANUTEN\u00c7\u00c3O, EST\u00c3O AINDA ATRAPALHANDO A VISIBILIDADE DO TR\u00c2NSITO LOCAL.</p>\r\n<p><strong>REQUERIMENTO N\u00ba 0003/2019 \u2013 Neto Machalegre</strong></p>\r\n<p>SOLICITA\u00c7\u00c3O PARA CONSTRU\u00c7\u00c3O DE UM BOEIRO E INSTALA\u00c7\u00c3O DE MANILHAS NO C\u00d3RREGO CAP\u00c3O REDONDO, NA FAZENDA S\u00c3O BENTO, DE PROPRIEDADE DO SR. ALBERTO GEOFRE WANDERLEY FILJO, NA ZONA RURAL DESTE MUNIC\u00cdPIO.</p>\r\n<p><strong>REQUERIMENTO N\u00ba 0004/2019 - Diassis</strong><span>\u00a0SOLICITA\u00c7\u00c3O PARA A REALIZA\u00c7\u00c3O CONCURSO P\u00daBLICO PARA O QUADRO GERAL DE SERVIDORES DO MUNIC\u00cdPIO DE ABREUL\u00c2NDIA \u2013 TO EM 2019.</span></p>\r\n<p><strong>REQUERIMENTO N\u00ba 0005/2019 \u2013 Professora Ednaura</strong></p>\r\n<p>SOLICITA\u00c7\u00c3O PARA CONSTRU\u00c7\u00c3O DE 2 (DOIS) QUEBRA-MOLAS NA RUA GENTIL BOLETO E OUTROS 3 (TR\u00caS) NA RUA POUSO ALTO.</p>\r\n<p><strong>REQUERIMENTO N\u00ba 0006/2019 \u2013 Nonatim</strong><span>\u00a0SOLICITA\u00c7\u00c3O PARA QUE SEJAM REALIZADOS REPAROS POR MEIO DE PATROLAMENTO E OPERA\u00c7\u00c3O TAPA-BURACOS EM V\u00c1RIAS VIAS P\u00daBLICAS DO MUNIC\u00cdPIO.</span></p>\r\n<p><strong>REQUERIMENTO N\u00ba 0007/2019 \u2013 Professora Ednaura</strong><span>\u00a0SOLICITA\u00c7\u00c3O PARA REFORMA DA PRA\u00c7A AUR\u00c9LIO GOMES SUGERINDO A NOVA JARDINAGEM, REFORMA NOS BANHEIROS E QUIOSQUES, ASSENTOS, PARQUINHO, TENDO EM VISTA QUE ESTE O \u00daNICO LUGAR PARA LAZER DE NOSSA COMUNIDADE.</span></p>\r\n<p><strong>REQUERIMENTO N\u00ba 0008/2019 \u2013 Professora Ednaura</strong></p>\r\n<p>SOLICITA\u00c7\u00c3O DE REFORMA DO CLUBE RECREATIVO DE NOSSO MUNIC\u00cdPIO COM O OBJETIVO DE FOMENTAR A CULTURA, A REALIZA\u00c7\u00c3O DE EVENTOS, REUNI\u00d5ES E OUTRAS ATIVIDADES QUE A COMUNIDADE NECESSITA, ENTRE ELAS CASAMENTOS E ANIVERS\u00c1RIOS, POR EXEMPLO.</p>\r\n<p><strong>REQUERIMENTO N\u00ba 0009/2019 \u2013 Professora Ednaura</strong></p>\r\n<p>SOLICITA\u00c7\u00c3O DE REFORMA DO CANTEIRO CENTRAL DA CIDADE REVITALIZANDO E EMBELEZANDO ABREUL\u00c2NDIA</p>\r\n<p><strong>REQUERIMENTO N\u00ba 0010/2019 - CARLINHO DA BARONESA</strong></p>\r\n<p>SOLICITA\u00c7\u00c3O PARA QUE SEJA FEITA A REABERTURA EM UM TRECHO DA ESTRADA DE ROTA ESCOLAR NO P.A. BARREIRINHA NO SENTIDO NA CASA DO SR JULIMAR, BEM COMO O ENCACALHAMENTO NO REFERIDO TRECHO</p>\r\n<p><strong>REQUERIMENTO N\u00ba 0011/2019 - CARLINHO DA BARONESA</strong></p>\r\n<p>SOLICITA\u00c7\u00c3O PARA QUE SEJA FEITO O FORRO EM DUAS SALAS DE AULAS NA ESCOLA MUNICIPAL PAULO FREIRE E INSTALADOS 2 CLIMATIZADORES DE AR NESTA UNIDADE, BEM COMO A PINTURA EXTERNA QUE ENCONTRA-SE PRECISANDO DE REPAROS.</p>\r\n<p><strong>REQUERIMENTO N\u00ba 0012/2019 - CARLINHO DA BARONESA</strong></p>\r\n<p>SOLICITA\u00c7\u00c3O PARA CONSTRU\u00c7\u00c3O DE UM CAMPO SOCIETY GRAMADO NA ESCOLA MUNICIPAL PAULO FREIRE, INCENTIVANDO A PR\u00c1TICA DE ESPORTE AOS ALUNOS E MORADORES.</p>\r\n<p><strong>REQUERIMENTO N\u00ba 0013/2019 - REGIANE ABREU</strong></p>\r\n<p>SOLICITA\u00c7\u00c3O QUE SEJAM REALIZADOS REPAROS NA ILUMINA\u00c7\u00c3O P\u00daBLICA DE V\u00c1RIAS VIAS DA NOSSA CIDADE, EM ESPECIAL NA AVENIDA POUSO ALTO.</p>\r\n<p><strong>REQUERIMENTO N\u00ba 0014/2019 - NONATIM E REGIANE ABREU -</strong><span>\u00a0SOLICITA\u00c7\u00c3O PARA QUE SEJA CONSTRU\u00cdDA UMA PONTE (BUEIRO) NO ACESSO DA RUA TANCREDO NEVES AO SETOR MONTE SINAI.</span></p>\r\n<p><strong>REQUERIMENTO N\u00ba 0015/2019 - REGIANE ABREU</strong></p>\r\n<p>SOLICITANDO A CONSTRU\u00c7\u00c3O DE BANHEIROS NA PRA\u00c7A CENTRAL PARA ATENDER A COMUNIDADE QUE UTILIZA O LOGRADOURO E AUS\u00caNCIA DESSA ESTRUTURA GERA IN\u00daMERO TRANSTORNOS \u00c0 POPULA\u00c7\u00c3O.</p>\r\n<p><strong>REQUERIMENTO N\u00ba 0016/2019 - REGIANE ABREU</strong></p>\r\n<p>SOLICITA\u00c7\u00c3O PARA CONSTRU\u00c7\u00c3O DE QUEBRA-MOLAS NA RUA MARIANO PINHEIRO.</p>\r\n<p><i>***Not\u00edcia publica no site <a class=\"external-link\" href=\"https://paineltocantins.com.br/noticias/102-camara-de-abreulandia-homologa-comissoes-e-aprova-varios-projetos.html\" target=\"_self\" title=\"\">Painel Tocantins</a>***</i></p>\r\n<p><i>***Veja <strong><a title=\"\" href=\"https://www.abreulandia.to.leg.br/institucional/galeria-de-fotos/sessoes-de-fevereiro-2019\" class=\"internal-link\" target=\"_self\">aqui</a></strong> fotos da divulga\u00e7\u00e3o das Mat\u00e9rias aprovadas nas Sess\u00f5es de Fevereiro/2019***</i></p>\r\n<p><i>Fonte/fotos: Assessoria da C\u00e2mara.</i></p>", "author_name": "abr", "version": "1.0", "author_url": "https://www.abreulandia.to.leg.br/author/abr", "provider_name": "C\u00e2mara de Abreul\u00e2ndia", "type": "rich"}