{"provider_url": "https://www.abreulandia.to.leg.br", "title": "Sess\u00f5es de Mar\u00e7o/2019", "html": "<p><span>O Poder Legislativo do munic\u00edpio de Abreul\u00e2ndia/TO, realizou as Sess\u00f5es Ordin\u00e1rias do m\u00eas de mar\u00e7o, sob a Presid\u00eancia do </span><b>Vereador Diassis (PT),</b><span> aprovou in\u00fameros projetos que beneficiam a comunidade local, sejam eles de autoria dos vereadores como tamb\u00e9m do Poder Executivo.</span></p>\r\n<p>Segundo o Presidente da C\u00e2mara, as proposituras aprovadas mostram a seriedade e o comprometimento da Casa de Leis. <i>\u201cFazemos o que \u00e9 certo, colocamos os projetos em pauta e deliberamos para que importantes pol\u00edticas p\u00fablicas possam se tornar realidade\u201d,</i> salientou Diassis.</p>\r\n<p>Entre os projetos aprovados, est\u00e3o o Projeto de Resolu\u00e7\u00e3o n\u00ba 001/2019, que disp\u00f5e sobre a estrutura administrativa da C\u00e2mara Municipal e tamb\u00e9m o Projeto de Lei do Executivo n\u00ba 0016/2018, que altera dispositivos da lei n\u00ba 132/2015 que disp\u00f5e sobre o plano de cargos, carreiras e remunera\u00e7\u00e3o dos profissionais da educa\u00e7\u00e3o do munic\u00edpio, que estava em tramita\u00e7\u00e3o nas comiss\u00f5es desde 2018, sendo aprovado com algumas modifica\u00e7\u00f5es do original e seguir\u00e1 para san\u00e7\u00e3o ou veto do Poder Executivo.</p>\r\n<p>A atividade parlamentar da Casa, ainda contou com a aprova\u00e7\u00e3o de diversos requerimentos que beneficiam a comunidade de Abreul\u00e2ndia, mostrando a atua\u00e7\u00e3o do parlamento em ouvir e buscar provid\u00eancias sobre as demandas do munic\u00edpio.</p>\r\n<h2 style=\"text-align: center; \"><i>REQUERIMENTOS APROVADOS NAS SESS\u00d5ES DE MAR\u00c7O/2019:</i><i></i></h2>\r\n<div class=\"visualClear\" style=\"text-align: center; \"><strong><br /></strong></div>\r\n<div class=\"visualClear\" style=\"text-align: center; \"><strong>REQUERIMENTO N\u00ba 0017/2019 - PARENTE (PSC)</strong></div>\r\n<div class=\"visualClear\" style=\"text-align: center; \">SOLICITA\u00c7\u00c3O PARA CONSTRU\u00c7\u00c3O DA REDE DE ESGOTO NAS VIAS P\u00daBLICAS DE NOSSO MUNIC\u00cdPIO.</div>\r\n<div class=\"visualClear\" style=\"text-align: center; \">\u00a0</div>\r\n<div class=\"visualClear\" style=\"text-align: center; \"><strong>REQUERIMENTO N\u00ba 0018/2019 - REGIANE ABREU (PTB)</strong></div>\r\n<div class=\"visualClear\" style=\"text-align: center; \">SOLICITA\u00c7\u00c3O PARA REALIZAR O ENCASCALHAMENTO NA ESTRADA QUE D\u00c1 ACESSO \u00c0S CH\u00c1CARAS DOS SENHORES GILVAN, MARCONDES E JOAQUIM.</div>\r\n<div class=\"visualClear\" style=\"text-align: center; \">\u00a0</div>\r\n<div class=\"visualClear\" style=\"text-align: center; \"><strong>REQUERIMENTO N\u00ba 0019/2019 - DIASSIS (PT)</strong></div>\r\n<div class=\"visualClear\" style=\"text-align: center; \">Sugest\u00e3o de cria\u00e7\u00e3o do Servi\u00e7o Disk-L\u00e2mpada para conectar o cidad\u00e3o \u00e0 Prefeitura, mantendo l\u00e2mpadas funcionando em todos os bairros, utilizando recursos tecnol\u00f3gicos em busca da efici\u00eancia na administra\u00e7\u00e3o p\u00fablica.</div>\r\n<div class=\"visualClear\" style=\"text-align: center; \">\u00a0</div>\r\n<div class=\"visualClear\" style=\"text-align: center; \"><strong>REQUERIMENTO N\u00ba 0020/2019 - REGIANE ABREU (PTB)</strong></div>\r\n<div class=\"visualClear\" style=\"text-align: center; \">SOLICITA\u00c7\u00c3O PARA REALIZAR O ENCASCALHAMENTO E MELHORIAS NA ESTRADA QUE D\u00c1 ACESSO \u00c0S FAZENDAS PEDRA PRETA (Prop. JOANA ALVES DE ABREU E VALDIVINO LUCAS MAGALH\u00c3ES) E PERMANENTE (Prop. LUIZ CARLOS).</div>\r\n<div class=\"visualClear\" style=\"text-align: center; \">\u00a0</div>\r\n<div class=\"visualClear\" style=\"text-align: center; \"><strong>REQUERIMENTO N\u00ba 0021/2019 - MARIA LAURINDA (PV)</strong></div>\r\n<div class=\"visualClear\" style=\"text-align: center; \">SOLICITANDO A EXTENS\u00c3O DE REDE DE \u00c1GUA NA AVENIDA POUSO ALTO QUE ATUALMENTE A REDE SE LIMITA \u00c0 OFICINA DO JUNIOR.</div>\r\n<div class=\"visualClear\" style=\"text-align: center; \">\u00a0</div>\r\n<div class=\"visualClear\" style=\"text-align: center; \"><strong>REQUERIMENTO N\u00ba 0023/2019 - NONATIM \u2013 (PRTB)</strong></div>\r\n<div class=\"visualClear\" style=\"text-align: center; \">SOLICITA\u00c7\u00c3O PARA QUE SEJAM REALIZADOS REPAROS E PINTURA NOS MEIOS-FIOS DO MUNIC\u00cdPIO.</div>\r\n<div class=\"visualClear\" style=\"text-align: center; \">\u00a0</div>\r\n<div class=\"visualClear\" style=\"text-align: center; \"><strong>REQUERIMENTO N\u00ba 0024/2019 - NONATIM \u2013 (PRTB)</strong></div>\r\n<div class=\"visualClear\" style=\"text-align: center; \">SOLICITA\u00c7\u00c3O PARA QUE SEJA REALIZADO SERVI\u00c7O DE CONSERVA\u00c7\u00c3O NAS ESTRADAS VICINAIS DO MUNIC\u00cdPIO</div>\r\n<div class=\"visualClear\" style=\"text-align: center; \">\u00a0</div>\r\n<div class=\"visualClear\" style=\"text-align: center; \"><strong>REQUERIMENTO N\u00ba 0025/2019 - NONATIM \u2013 (PRTB)</strong></div>\r\n<div class=\"visualClear\" style=\"text-align: center; \">SOLICITA\u00c7\u00c3O PARA QUE DADO NOME DE \u201cJO\u00c3O BATISTA DE FRAN\u00c7A\u201d \u00c0 UNIDADE B\u00c1SICA DE SA\u00daDE</div>\r\n<div class=\"visualClear\" style=\"text-align: center; \">\u00a0</div>\r\n<div class=\"visualClear\" style=\"text-align: center; \"><strong>REQUERIMENTO N\u00ba 0026/2019 - DIASSIS (PT)</strong></div>\r\n<div class=\"visualClear\" style=\"text-align: center; \">SOLICITA\u00c7\u00c3O PARA REFORMA DO CAMPO DE FUTEBOL, DO VESTI\u00c1RIO, DOS BANHEIROS E INSTALA\u00c7\u00c3O DE BANCOS OU CONSTRU\u00c7\u00c3O DE ARQUIBANCADAS AO REDOR DO GRAMADO, QUE TAMB\u00c9M NECESSITA DE REPAROS.</div>\r\n<div class=\"visualClear\" style=\"text-align: left; \"><i><br /></i></div>\r\n<div class=\"visualClear\" style=\"text-align: left; \"><i>***Not\u00edcia publica no site Painel Tocantins***</i></div>\r\n<div class=\"visualClear\" style=\"text-align: left; \"><i>Fonte/foto: Ascom - C\u00e2mara de Abreul\u00e2ndia.</i></div>", "author_name": "abr", "version": "1.0", "author_url": "https://www.abreulandia.to.leg.br/author/abr", "provider_name": "C\u00e2mara de Abreul\u00e2ndia", "type": "rich"}