{"provider_url": "https://www.abreulandia.to.leg.br", "title": "Vota\u00e7\u00f5es - Maio/2019", "html": "<p><span>A </span><b>C\u00e2mara Municipal de Abreul\u00e2ndia,</b><span> atenta \u00e0s demandas da comunidade, apresentou por meio de seus parlamentares, 08 propostas em forma de Requerimentos que ser\u00e3o endere\u00e7ados ao Poder Executivo neste m\u00eas de maio.</span></p>\r\n<p>Conforme o Presidente da Casa, Vereador Diassis (PT), a comunidade tem apresentado as demandas e os vereadores, prontamente, tem se posicionado em busca da solu\u00e7\u00e3o. <i>\u201cNosso trabalho \u00e9 ouvir a popula\u00e7\u00e3o, construir caminhos e intermediar situa\u00e7\u00f5es para que sonhos se tornem realidade\u201d, afirmou o gestor.</i></p>\r\n<p>Os projetos contemplam v\u00e1rias \u00e1reas da gest\u00e3o p\u00fablica e seguir\u00e3o para aprecia\u00e7\u00e3o do Poder Executivo. Outros projetos aprovados, que dependem de san\u00e7\u00e3o, s\u00e3o os T\u00edtulos Honor\u00edficos de Cidad\u00e3o Abreulandense, apresentado por cada parlamentar, que confere importante honraria a personalidades que contribuem com o desenvolvimento do munic\u00edpio.</p>\r\n<p>\u00a0</p>\r\n<h3 style=\"text-align: center; \"><em><b>REQUERIMENTOS APROVADOS NAS SESS\u00d5ES ORDIN\u00c1RIAS DE MAIO/2019:</b></em></h3>\r\n<div class=\"visualClear\" style=\"text-align: center; \"><b><br /></b></div>\r\n<div class=\"visualClear\" style=\"text-align: center; \"><b>REQUERIMENTO N\u00ba 0032/2019 \u2013 AUTORIA: NONATIM</b></div>\r\n<div class=\"visualClear\" style=\"text-align: center; \">SOLICITA QUE O PODER EXECUTIVO FA\u00c7A GEST\u00c3O JUNTO AO GOVERNO DO ESTADO PARA CONSTRU\u00c7\u00c3O DE TERMINAL RODOVI\u00c1RIO NO MUNIC\u00cdPIO DE ABREUL\u00c2NDIA.</div>\r\n<div class=\"visualClear\" style=\"text-align: center; \"><b><br /></b></div>\r\n<div class=\"visualClear\" style=\"text-align: center; \"><b>REQUERIMENTO N\u00ba 0033/2019 \u2013 AUTORIA: CARLINHO DO BARONESA</b></div>\r\n<div class=\"visualClear\" style=\"text-align: center; \">SOLICITA CONSTRU\u00c7\u00c3O DE UMA NOVA PONTE SOBRE O RIO GROT\u00c3O, PR\u00d3XIMA \u00c0 SEDE DA FAZENDA GROT\u00c3O NA ZONA RURAL DO MUNIC\u00cdPIO.</div>\r\n<div class=\"visualClear\" style=\"text-align: center; \"><b><br /></b></div>\r\n<div class=\"visualClear\" style=\"text-align: center; \"><b>REQUERIMENTO N\u00ba 0034 E 0035/2019 \u2013 AUTORIA: DIASSIS</b></div>\r\n<div class=\"visualClear\" style=\"text-align: center; \">SOLICITA AO EXECUTIVO E A ENERGISA A EXTENS\u00c3O DA REDE DE ENERGIA EL\u00c9TRICA NA RUA TOCANTINS ENTRE AVENIDA JOS\u00c9 LOPES DE FIGUEIREDO E A RUA 13; RUA TANCREDO NEVES ENTRE AVENIDA JOS\u00c9 LOPES DE FIGUEIREDO E A RUA 13, BEM COMO NAS RUAS 20 E 20-A, ENTRE AS RUAS 15 E 18 NO SETOR MONTE SINAI.</div>\r\n<div class=\"visualClear\" style=\"text-align: center; \"><b><br /></b></div>\r\n<div class=\"visualClear\" style=\"text-align: center; \"><b>REQUERIMENTO N\u00ba 0036/2019 \u2013 AUTORIA: REGIANE ABREU</b></div>\r\n<div class=\"visualClear\" style=\"text-align: center; \">SOLICITA\u00c7\u00c3O PARA CONSTRU\u00c7\u00c3O DE GALP\u00c3O PARA ACOMODAR OS VE\u00cdCULOS DA SA\u00daDE P\u00daBLICA MUNICIPAL.</div>\r\n<div class=\"visualClear\" style=\"text-align: center; \"><b><br /></b></div>\r\n<div class=\"visualClear\" style=\"text-align: center; \"><b>REQUERIMENTO N\u00ba 0037/2019 - AUTORIA: REGIANE ABREU</b></div>\r\n<div class=\"visualClear\" style=\"text-align: center; \">SOLICITA A DISPONIBILIZA\u00c7\u00c3O DE UNIFORMES E EQUIPAMENTOS DE PROTE\u00c7\u00c3O INDIVIDUAL AOS GARIS DO MUNIC\u00cdPIO.</div>\r\n<div class=\"visualClear\" style=\"text-align: center; \"><b><br /></b></div>\r\n<div class=\"visualClear\" style=\"text-align: center; \"><b>REQUERIMENTO N\u00ba 0038/2019 - AUTORIA: NONATIM<i></i></b></div>\r\n<div class=\"visualClear\" style=\"text-align: center; \">SOLICITA\u00c7\u00c3O PARA CONSTRU\u00c7\u00c3O DE COBERTURA NA \u00c1REA ONDE ATUALMENTE FICAM AS M\u00c1QUINAS PESADAS, CAMINH\u00d5ES E DEMAIS EQUIPAMENTOS DO MUNIC\u00cdPIO.</div>\r\n<div class=\"visualClear\" style=\"text-align: center; \"><b><br /></b></div>\r\n<div class=\"visualClear\" style=\"text-align: center; \"><b>REQUERIMENTO N\u00ba 0039/2019 - MARIA LAURINDA (PV)</b></div>\r\n<div class=\"visualClear\" style=\"text-align: center; \">SOLICITA\u00c7\u00c3O PARA CONSTRU\u00c7\u00c3O DE UM GALP\u00c3O PARA ARMAZENAMENTO E SEPARA\u00c7\u00c3O DE MATERIAL RECICL\u00c1VEL COLETADO EM NOSSO MUNIC\u00cdPIO.</div>\r\n<div class=\"visualClear\"><i>Fonte: Ascom - C\u00e2mara de Abreul\u00e2ndia.</i></div>", "author_name": "abr", "version": "1.0", "author_url": "https://www.abreulandia.to.leg.br/author/abr", "provider_name": "C\u00e2mara de Abreul\u00e2ndia", "type": "rich"}